{"id":2627,"date":"2026-01-15T08:11:15","date_gmt":"2026-01-15T07:11:15","guid":{"rendered":"https:\/\/gopswieprz.pl\/?p=2627"},"modified":"2026-08-02T20:25:05","modified_gmt":"2026-08-02T18:25:05","slug":"mobilny-punkt-informacyjny-zaprasza","status":"publish","type":"post","link":"https:\/\/gopswieprz.pl\/?p=2627","title":{"rendered":"MOBILNY PUNKT INFORMACYJNY ZAPRASZA"},"content":{"rendered":"<p>Szanowni Pa\u0144stwo,<\/p>\n<p>rozpoczyna si\u0119 kolejny cykl dy\u017cur\u00f3w Mobilnego Punktu Informacyjnego.<!--more--><\/p>\n<p><strong>20 stycznia 2026 r.<\/strong> ponownie zapraszamy mieszka\u0144c\u00f3w gminy Wieprz na spotkanie informacyjne, kt\u00f3re odb\u0119dzie si\u0119 w Gminnym O\u015brodku Kultury w Wieprzu, przy ul. Centralnej 7, w godzinach <strong>od 12.30 do 15.30<\/strong>.<\/p>\n<p>Pracownicy <strong>Powiatowego Centrum Pomocy Rodzinie w Wadowicach, Zak\u0142adu Ubezpiecze\u0144 Spo\u0142ecznych oraz O\u015brodka Pomocy Spo\u0142ecznej<\/strong> b\u0119d\u0105 udziela\u0107 porad dotycz\u0105cych dost\u0119pnych <strong>form pomocy dla os\u00f3b starszych, chorych i z niepe\u0142nosprawno\u015bci\u0105<\/strong> \u015bwiadczonych przez te instytucje.<\/p>\n<p>&nbsp;<\/p>\n<p>Serdecznie zapraszamy do skorzystania z mo\u017cliwo\u015bci wsparcia w ramach Mobilnego Punktu Informacyjnego.<\/p>\n","protected":false},"excerpt":{"rendered":"<p>Szanowni Pa\u0144stwo, rozpoczyna si\u0119 kolejny cykl dy\u017cur\u00f3w Mobilnego Punktu Informacyjnego.<\/p>\n","protected":false},"author":3,"featured_media":0,"comment_status":"closed","ping_status":"closed","sticky":true,"template":"","format":"standard","meta":{"footnotes":""},"categories":[1],"tags":[],"class_list":["post-2627","post","type-post","status-publish","format-standard","hentry","category-aktualnosci"],"_links":{"self":[{"href":"https:\/\/gopswieprz.pl\/index.php?rest_route=\/wp\/v2\/posts\/2627","targetHints":{"allow":["GET"]}}],"collection":[{"href":"https:\/\/gopswieprz.pl\/index.php?rest_route=\/wp\/v2\/posts"}],"about":[{"href":"https:\/\/gopswieprz.pl\/index.php?rest_route=\/wp\/v2\/types\/post"}],"author":[{"embeddable":true,"href":"https:\/\/gopswieprz.pl\/index.php?rest_route=\/wp\/v2\/users\/3"}],"replies":[{"embeddable":true,"href":"https:\/\/gopswieprz.pl\/index.php?rest_route=%2Fwp%2Fv2%2Fcomments&post=2627"}],"version-history":[{"count":2,"href":"https:\/\/gopswieprz.pl\/index.php?rest_route=\/wp\/v2\/posts\/2627\/revisions"}],"predecessor-version":[{"id":2726,"href":"https:\/\/gopswieprz.pl\/index.php?rest_route=\/wp\/v2\/posts\/2627\/revisions\/2726"}],"wp:attachment":[{"href":"https:\/\/gopswieprz.pl\/index.php?rest_route=%2Fwp%2Fv2%2Fmedia&parent=2627"}],"wp:term":[{"taxonomy":"category","embeddable":true,"href":"https:\/\/gopswieprz.pl\/index.php?rest_route=%2Fwp%2Fv2%2Fcategories&post=2627"},{"taxonomy":"post_tag","embeddable":true,"href":"https:\/\/gopswieprz.pl\/index.php?rest_route=%2Fwp%2Fv2%2Ftags&post=2627"}],"curies":[{"name":"wp","href":"https:\/\/api.w.org\/{rel}","templated":true}]}}