{"id":2092,"date":"2023-02-13T13:18:12","date_gmt":"2023-02-13T12:18:12","guid":{"rendered":"https:\/\/gopswieprz.pl\/?p=2092"},"modified":"2023-02-13T13:18:12","modified_gmt":"2023-02-13T12:18:12","slug":"warsztaty-dla-mamy-i-taty-dziecko-w-rozstaniu","status":"publish","type":"post","link":"https:\/\/gopswieprz.pl\/?p=2092","title":{"rendered":"WARSZTATY DLA MAMY I TATY   &#8211; DZIECKO W ROZSTANIU"},"content":{"rendered":"<p><em>Na pro\u015bb\u0119 OIK w Radoczy zamieszczamy informacj\u0119 o realizowanych warsztatach :<\/em><\/p>\n<p><em>O\u015brodek Interwencji Kryzysowej w Radoczy zaprasza rodzic\u00f3w w sytuacji oko\u0142orozwodowej na warsztaty dla mamy i taty<br \/>\n,,Dziecko w rozstaniu\u2019\u2019 dotycz\u0105ce wsparcia dziecka w sytuacji rozwodu\/ rozstania.<\/em><\/p>\n<p><em>Proces adaptacji dziecka do nowej sytuacji rozstania rodzic\u00f3w zale\u017cy przede wszystkim od zachowania rodzic\u00f3w wobec siebie wzajemnie<br \/>\ni wobec dziecka. Je\u017celi dziecko uzyska odpowiednie wsparcie, rozstanie nie musi by\u0107 dla niego traumatycznym do\u015bwiadczeniem, jednak niew\u0105tpliwie jest trudnym prze\u017cyciem.\u00a0Na warsztatach rodzice dowiedz\u0105 si\u0119 m.in. jak pom\u00f3c dziecku w sytuacji oko\u0142orozwodowej, czy te\u017c poznaj\u0105 potrzeby dzieci w sytuacji du\u017cej zmiany w ich \u017cyciu jak\u0105 jest rozstanie rodzic\u00f3w.<\/em><\/p>\n<p><em>Spotkania b\u0119d\u0105 odbywa\u0107 si\u0119 w siedzibie O\u015brodka Interwencji Kryzysowej, ul. Dworska 9A,\u00a034-100 Tomice,<\/em><\/p>\n<p><em><strong>co dwa tygodnie we wtorki<\/strong>\u00a0w godz.\u00a0<strong>17-19<\/strong>.\u00a0Pierwsze spotkanie odb\u0119dzie si\u0119\u00a0<strong>21.02.2023. r.<\/strong><\/em><\/p>\n<p><em>Wszystkie osoby ch\u0119tne prosimy o podj\u0119cie kontaktu z psychologiem O\u015brodka Interwencji Kryzysowej w Radoczy<br \/>\nMagdalen\u0105 Mastalsk\u0105-Ryndak pod nr telefonu 33 873 10 01.<\/em><\/p>\n<p><em>Zg\u0142oszenia mo\u017cna r\u00f3wnie\u017c przesy\u0142a\u0107 na adres e-mailowy\u00a0<a href=\"https:\/\/poczta.onet.pl\/NowaWiadomosc\/Do\/QlAkBFFKEBx2dgsdBXJ2cQQBfChCchE2Egk%2FZgEXARAfQkFWQwEGF1QnVkFWAwsCBAFWVkQTB3QWAFQAARNDAhMHUwoZEFZndFZRXUEyIClHMQtJME99QVZ%2FdHcAEWd7UDc%3D\" target=\"_blank\" rel=\"noopener\">sekretariat@oikradocza.pl<\/a>.<\/em><\/p>\n<p><em>Udzia\u0142 w warsztatach jest bezp\u0142atny.<\/em><\/p>\n<p><a href=\"https:\/\/gopswieprz.pl\/wp-content\/uploads\/2023\/02\/Rozw\u00f3d-plakat-2.pdf\">Rozw\u00f3d plakat (2)<\/a><\/p>\n","protected":false},"excerpt":{"rendered":"<p>Na pro\u015bb\u0119 OIK w Radoczy zamieszczamy informacj\u0119 o realizowanych warsztatach : O\u015brodek Interwencji Kryzysowej w Radoczy zaprasza rodzic\u00f3w w sytuacji oko\u0142orozwodowej na warsztaty dla mamy i taty ,,Dziecko w rozstaniu\u2019\u2019 dotycz\u0105ce wsparcia dziecka w sytuacji rozwodu\/ rozstania. Proces adaptacji dziecka do nowej sytuacji rozstania rodzic\u00f3w zale\u017cy przede wszystkim od zachowania rodzic\u00f3w wobec siebie wzajemnie i [&hellip;]<\/p>\n","protected":false},"author":2,"featured_media":0,"comment_status":"closed","ping_status":"closed","sticky":false,"template":"","format":"standard","meta":{"footnotes":""},"categories":[1],"tags":[],"class_list":["post-2092","post","type-post","status-publish","format-standard","hentry","category-aktualnosci"],"_links":{"self":[{"href":"https:\/\/gopswieprz.pl\/index.php?rest_route=\/wp\/v2\/posts\/2092","targetHints":{"allow":["GET"]}}],"collection":[{"href":"https:\/\/gopswieprz.pl\/index.php?rest_route=\/wp\/v2\/posts"}],"about":[{"href":"https:\/\/gopswieprz.pl\/index.php?rest_route=\/wp\/v2\/types\/post"}],"author":[{"embeddable":true,"href":"https:\/\/gopswieprz.pl\/index.php?rest_route=\/wp\/v2\/users\/2"}],"replies":[{"embeddable":true,"href":"https:\/\/gopswieprz.pl\/index.php?rest_route=%2Fwp%2Fv2%2Fcomments&post=2092"}],"version-history":[{"count":0,"href":"https:\/\/gopswieprz.pl\/index.php?rest_route=\/wp\/v2\/posts\/2092\/revisions"}],"wp:attachment":[{"href":"https:\/\/gopswieprz.pl\/index.php?rest_route=%2Fwp%2Fv2%2Fmedia&parent=2092"}],"wp:term":[{"taxonomy":"category","embeddable":true,"href":"https:\/\/gopswieprz.pl\/index.php?rest_route=%2Fwp%2Fv2%2Fcategories&post=2092"},{"taxonomy":"post_tag","embeddable":true,"href":"https:\/\/gopswieprz.pl\/index.php?rest_route=%2Fwp%2Fv2%2Ftags&post=2092"}],"curies":[{"name":"wp","href":"https:\/\/api.w.org\/{rel}","templated":true}]}}