{"id":1797,"date":"2021-12-22T07:57:08","date_gmt":"2021-12-22T06:57:08","guid":{"rendered":"https:\/\/gopswieprz.pl\/?p=1797"},"modified":"2021-12-22T07:57:08","modified_gmt":"2021-12-22T06:57:08","slug":"w-wigilie-gminny-osrodek-pomocy-spolecznej-nieczyny","status":"publish","type":"post","link":"https:\/\/gopswieprz.pl\/?p=1797","title":{"rendered":"W Wigili\u0119 Gminny O\u015brodek Pomocy Spo\u0142ecznej nieczyny"},"content":{"rendered":"<p>Zgodnie z Zarz\u0105dzeniem nr 8\/2021 z dnia 1 grudnia 2021r. Kierownika Gminnego O\u015brodka Pomocy Spo\u0142ecznej w Wieprzu informujemy, \u017ce w dniu 24 grudnia 2021r.\u00a0 (Wigilia) Gminny O\u015brodek Pomocy Spo\u0142ecznej w Wieprzu b\u0119dzie\u00a0 nieczynny.<\/p>\n<p>&nbsp;<\/p>\n<p>Poni\u017cej Zarz\u0105dzenie z dnia 1 grudnia 2021r.<\/p>\n<p><a href=\"https:\/\/gopswieprz.pl\/wp-content\/uploads\/2021\/12\/zarz\u0105dzenie.pdf\">zarz\u0105dzenie<\/a><\/p>\n","protected":false},"excerpt":{"rendered":"<p>Zgodnie z Zarz\u0105dzeniem nr 8\/2021 z dnia 1 grudnia 2021r. Kierownika Gminnego O\u015brodka Pomocy Spo\u0142ecznej w Wieprzu informujemy, \u017ce w dniu 24 grudnia 2021r.\u00a0 (Wigilia) Gminny O\u015brodek Pomocy Spo\u0142ecznej w Wieprzu b\u0119dzie\u00a0 nieczynny. &nbsp; Poni\u017cej Zarz\u0105dzenie z dnia 1 grudnia 2021r. zarz\u0105dzenie<\/p>\n","protected":false},"author":2,"featured_media":0,"comment_status":"closed","ping_status":"closed","sticky":false,"template":"","format":"standard","meta":{"footnotes":""},"categories":[1],"tags":[],"class_list":["post-1797","post","type-post","status-publish","format-standard","hentry","category-aktualnosci"],"_links":{"self":[{"href":"https:\/\/gopswieprz.pl\/index.php?rest_route=\/wp\/v2\/posts\/1797","targetHints":{"allow":["GET"]}}],"collection":[{"href":"https:\/\/gopswieprz.pl\/index.php?rest_route=\/wp\/v2\/posts"}],"about":[{"href":"https:\/\/gopswieprz.pl\/index.php?rest_route=\/wp\/v2\/types\/post"}],"author":[{"embeddable":true,"href":"https:\/\/gopswieprz.pl\/index.php?rest_route=\/wp\/v2\/users\/2"}],"replies":[{"embeddable":true,"href":"https:\/\/gopswieprz.pl\/index.php?rest_route=%2Fwp%2Fv2%2Fcomments&post=1797"}],"version-history":[{"count":0,"href":"https:\/\/gopswieprz.pl\/index.php?rest_route=\/wp\/v2\/posts\/1797\/revisions"}],"wp:attachment":[{"href":"https:\/\/gopswieprz.pl\/index.php?rest_route=%2Fwp%2Fv2%2Fmedia&parent=1797"}],"wp:term":[{"taxonomy":"category","embeddable":true,"href":"https:\/\/gopswieprz.pl\/index.php?rest_route=%2Fwp%2Fv2%2Fcategories&post=1797"},{"taxonomy":"post_tag","embeddable":true,"href":"https:\/\/gopswieprz.pl\/index.php?rest_route=%2Fwp%2Fv2%2Ftags&post=1797"}],"curies":[{"name":"wp","href":"https:\/\/api.w.org\/{rel}","templated":true}]}}