{"id":1108,"date":"2019-08-29T09:43:07","date_gmt":"2019-08-29T07:43:07","guid":{"rendered":"https:\/\/gopswieprz.pl\/?p=1108"},"modified":"2019-08-29T09:43:07","modified_gmt":"2019-08-29T07:43:07","slug":"nabor-na-stanowisko-pracy-doradca-zawodowy-2","status":"publish","type":"post","link":"https:\/\/gopswieprz.pl\/?p=1108","title":{"rendered":"Nab\u00f3r na stanowisko pracy &#8211; DORADCA ZAWODOWY"},"content":{"rendered":"<p><img loading=\"lazy\" decoding=\"async\" class=\"alignnone size-full wp-image-986\" src=\"https:\/\/gopswieprz.pl\/wp-content\/uploads\/2019\/06\/Strona.jpg\" alt=\"\" width=\"831\" height=\"129\" srcset=\"https:\/\/gopswieprz.pl\/wp-content\/uploads\/2019\/06\/Strona.jpg 831w, https:\/\/gopswieprz.pl\/wp-content\/uploads\/2019\/06\/Strona-768x119.jpg 768w, https:\/\/gopswieprz.pl\/wp-content\/uploads\/2019\/06\/Strona-600x93.jpg 600w\" sizes=\"auto, (max-width: 831px) 100vw, 831px\" \/><\/p>\n<p style=\"text-align: right\">Wieprz, 29.08.2019r.<\/p>\n<p><strong>OG\u0141OSZENIE NAB\u00d3R NA STANOWISKO DORADCY ZAWODOWEGO<\/strong><\/p>\n<p>W zwi\u0105zku z przyznanym dla gminy Wieprz dofinansowaniem na realizacj\u0119 projektu\u00a0 pn. \u201eSami \u2013 Dzielni! Nowe standardy mieszkalnictwa wspomaganego dla os\u00f3b z niepe\u0142nosprawno\u015bciami sprz\u0119\u017conymi, Kierownik Gminnego O\u015brodka Pomocy Spo\u0142ecznej w Wieprzu\u00a0\u00a0 og\u0142asza nab\u00f3r na wolne stanowisko: <strong>\u00a0<\/strong>Doradca zawodowy.<\/p>\n<p><strong><u>NAZWA ZAMAWIAJ\u0104CEGO:<\/u><\/strong><\/p>\n<p>Gminny O\u015brodek Pomocy Spo\u0142ecznej w Wieprzu<\/p>\n<p><strong><u>TYTU\u0141 PROJEKTU:<\/u><\/strong><\/p>\n<p>\u201eSami \u2013 Dzielni! Nowe standardy mieszkalnictwa wspomaganego dla os\u00f3b z niepe\u0142nosprawno\u015bciami sprz\u0119\u017conymi<\/p>\n<p><strong><u>\u00a0ZAKRES ZLECENIA:<\/u><\/strong><\/p>\n<p>&#8211; \u00a0wsp\u00f3\u0142praca przy opracowaniu indywidualnego planu wsparcia,<\/p>\n<p>&#8211; prowadzenie trening\u00f3w spo\u0142eczno \u2013 zawodowych<\/p>\n<p>&#8211; prowadzenie poradnictwa zawodowego<\/p>\n<p>&#8211; wsp\u00f3\u0142praca z rodzin\u0105 mieszka\u0144ca<\/p>\n<p>&#8211; wsparcie i poradnictwo zawodowe dla\u00a0 rodziny osoby z niepe\u0142nosprawno\u015bciami<\/p>\n<p>&#8211;\u00a0\u00a0 okre\u015blenie psychofizycznych cech\u00a0 i\u00a0 mo\u017cliwo\u015bci<\/p>\n<p>&#8211;\u00a0 analiza\u00a0 potrzeb, zdolno\u015bci, umiej\u0119tno\u015bci \u2013 w\u00a0 celu ustalenia\u00a0 tzw. Potencja\u0142u\u00a0 zawodowego,<br \/>\n&#8211; analiza\u00a0 rynku pracy pod k\u0105tem potrzeb i mo\u017cliwo\u015bci mieszka\u0144ca i jego rodziny<br \/>\n&#8211; pomoc w napisaniu CV i listu motywacyjnego,<br \/>\n&#8211; przekazanie informacji na temat skutecznych sposob\u00f3w znajdywania zatrudnienia,<br \/>\n&#8211; przygotowanie mieszka\u0144ca lub cz\u0142onk\u00f3w rodziny\u00a0 do rozm\u00f3w kwalifikacyjnych,<br \/>\n&#8211; okre\u015blenie trudno\u015bci, kt\u00f3re uniemo\u017cliwiaj\u0105 osobie wspomaganej podj\u0119cie pracy i pomoc w ich przezwyci\u0119\u017ceniu.<\/p>\n<p><strong><u>CELE PROJEKTU:<\/u><\/strong><\/p>\n<p>Cel g\u0142\u00f3wny: \u00a0Celem g\u0142\u00f3wnym projektu jest opracowanie i przetestowanie standardu funkcjonowania mieszka\u0144 wspomaganych (MW) dla os\u00f3b z niepe\u0142nosprawno\u015bciami<\/p>\n<p>sprz\u0119\u017conymi (ONS) jako form zdeinstytucjonalizowanych.<\/p>\n<p><strong><u>MIEJSCE, OKRES ORAZ LICZBA GODZIN:<\/u><\/strong><\/p>\n<p>Doradca zawodowy b\u0119dzie pracowa\u0107 z osobami niepe\u0142nosprawnymi i ich rodzinami w miejscu ich zamieszkania\u00a0 na terenie Gminy Wieprz<\/p>\n<p>Zatrudnienia na podstawie umowy zlecenia\u00a0 na czas okre\u015blony tj. od 01.10.2019r \u2013 30.10.2021r. w wymiarze: w\u00a0 2019r. &#8211; 110 godzin, w 2020r. &#8211; 175 godzin, w 2021r. \u2013 30 godzin.<\/p>\n<p><strong><u>UCZESTNICY PROJEKTU: <\/u><\/strong><\/p>\n<p>Osoby z niepe\u0142nosprawno\u015bci\u0105 sprz\u0119\u017con\u0105<\/p>\n<p><strong><u>WYMOGI FORMALNE NA KANDYDAT\u00d3W NA INSTRUKTOR\u00d3W:<\/u><\/strong><\/p>\n<ol>\n<li>posiadanie obywatelstwa polskiego;<\/li>\n<li>posiadanie pe\u0142nej zdolno\u015bci do czynno\u015bci prawnych oraz korzystania z pe\u0142ni praw publicznych;<\/li>\n<li>uko\u0144czone studia podyplomowe lub kursy uzupe\u0142niaj\u0105ce z zakresu zawodowego;<\/li>\n<li>\u00a0znajomo\u015b\u0107 problematyki rynku pracy;<\/li>\n<li>\u00a0wiedz\u0119 z zakresu poradnictwa zawodowego oraz kszta\u0142cenia ustawicznego;<\/li>\n<li>\u00a0znajomo\u015b\u0107 ustawy o promocji zatrudnienia i instytucjach rynku pracy oraz akt\u00f3w normatywnych tej ustawy;<\/li>\n<li>\u00a0posiadanie wiedzy z zakresu przepis\u00f3w prawa normuj\u0105cych zasady poradnictwa zawodowego;<\/li>\n<li>\u00a0znajomo\u015b\u0107 podstaw prawa pracy;<\/li>\n<li>\u00a0umiej\u0119tno\u015bci trenerskie zdobyte w toku dzia\u0142alno\u015bci zawodowej.<\/li>\n<li>co najmniej dwuletni sta\u017c pracy z osobami niepe\u0142nosprawnymi<\/li>\n<\/ol>\n<p><strong>Brak spe\u0142nienia, kt\u00f3regokolwiek warunku skutkowa\u0107 b\u0119dzie niespe\u0142nieniem wymog\u00f3w formalnych.<\/strong><\/p>\n<p><strong><u>MIEJSCE I TERMIN Z\u0141O\u017bENIA OFERTY: <\/u><\/strong><\/p>\n<p>Forma papierowa oferty (oferta plus za\u0142\u0105czniki) winna zosta\u0107 z\u0142o\u017cona na dziennik podawczym Gminnego O\u015brodka Pomocy Spo\u0142ecznej w Wieprzu \u00a0w terminie do 06.09.2019 roku do godz. 14:00. Oferty z\u0142o\u017cone po terminie nie b\u0119d\u0105 rozpatrywane.<\/p>\n<p><strong><u>TERMIN ROZPATRZENIA OFERT: <\/u><\/strong><\/p>\n<p>do 13.09.2019 r.<\/p>\n<p><strong><u>KRYTERIUM WYBORU OFERT: <\/u><\/strong><\/p>\n<p>Zamawiaj\u0105cy dokona oceny ofert, kt\u00f3re nie zosta\u0142y odrzucone na podstawie nast\u0119puj\u0105cych kryteri\u00f3w oceny ofert:<\/p>\n<p>CENA \u2013 80%<\/p>\n<p>DO\u015aWIADCZENIE ZAWODOWE \u2013 20%<\/p>\n<p>Punkty za kryterium cena b\u0119d\u0105 obliczone wed\u0142ug wzoru:<\/p>\n<p>Cena oferty najta\u0144szej<\/p>\n<p>\u2026\u2026\u2026\u2026\u2026\u2026\u2026\u2026\u2026\u2026\u2026\u2026\u2026\u2026\u2026\u2026.\u00a0 X 80 = suma punkt\u00f3w<\/p>\n<p>Cena oferty badanej<\/p>\n<p>Punkty\u00a0 za kryterium do\u015bwiadczenie zawodowe b\u0119d\u0105 obliczone wg. wzoru<\/p>\n<p>Minimalny sta\u017c pracy z osobami niepe\u0142nosprawnymi 1 rok\u00a0 lub do\u015bwiadczenie osobiste w prowadzeniu wsparcia dla osoby niepe\u0142nosprawnej<\/p>\n<p>Liczba lat oferty badanej<\/p>\n<p>&#8212;&#8212;&#8212;&#8212;&#8212;&#8212;&#8212;&#8212;&#8212;&#8212;&#8212;&#8212;&#8212;&#8212;&#8212;&#8212;&#8212; x 20<\/p>\n<p>Liczba lat oferty z najwy\u017csz\u0105 liczb\u0105<\/p>\n<p>wykazanego do\u015bwiadczenia<\/p>\n<p><strong><u>OSOBA UPOWA\u017bNIONA DO KONTAKTU Z OFERENTAMI: <\/u><\/strong><\/p>\n<p>Dorota Mrowiec tel. 33 87 55\u00a0415 wew. 22, email. <a href=\"mailto:gopswieprz@poczta.onet.pl\">gopswieprz@poczta.onet.pl<\/a><\/p>\n<p>&nbsp;<\/p>\n<p><strong><u>PRZEWIDYWANA FORMA ZATRUDNIENIA:<\/u><\/strong><\/p>\n<p>Umowa zlecenia.<\/p>\n<p><strong><u>PRZEWIDYWANA LICZBA ZAWARTYCH UM\u00d3W ZLECENIA:<\/u><\/strong><\/p>\n<p>1 x doradca zawodowy<\/p>\n<p><strong><u>\u0179R\u00d3D\u0141O FINANSOWANIA WYDATK\u00d3W W RAMACH PROJEKTU:<\/u><\/strong><\/p>\n<p>Program Operacyjny Wiedza Edukacja Rozw\u00f3j Dzia\u0142anie 2.8 Rozw\u00f3j us\u0142ug spo\u0142ecznych \u015bwiadczonych w \u015brodowisku lokalnym<\/p>\n<p><strong><u>ZA\u0141\u0104CZNIK DO OG\u0141OSZENIA:<\/u><\/strong><\/p>\n<p><a href=\"https:\/\/gopswieprz.pl\/wp-content\/uploads\/2019\/08\/za\u0142.-nr-2-7.docx\">za\u0142. nr 2<\/a><br \/>\n<a href=\"https:\/\/gopswieprz.pl\/wp-content\/uploads\/2019\/08\/za\u0142.-nr.-4-3.docx\">za\u0142. nr. 4<\/a><br \/>\n<a href=\"https:\/\/gopswieprz.pl\/wp-content\/uploads\/2019\/08\/za\u0142.-nr.-1-7.doc\">za\u0142. nr. 1<\/a><br \/>\n<a href=\"https:\/\/gopswieprz.pl\/wp-content\/uploads\/2019\/08\/za\u0142.nr_.-3-7.docx\">za\u0142.nr. 3<\/a><\/p>\n<p>&nbsp;<\/p>\n<p>&nbsp;<\/p>\n","protected":false},"excerpt":{"rendered":"<p>Wieprz, 29.08.2019r. OG\u0141OSZENIE NAB\u00d3R NA STANOWISKO DORADCY ZAWODOWEGO W zwi\u0105zku z przyznanym dla gminy Wieprz dofinansowaniem na realizacj\u0119 projektu\u00a0 pn. \u201eSami \u2013 Dzielni! Nowe standardy mieszkalnictwa wspomaganego dla os\u00f3b z niepe\u0142nosprawno\u015bciami sprz\u0119\u017conymi, Kierownik Gminnego O\u015brodka Pomocy Spo\u0142ecznej w Wieprzu\u00a0\u00a0 og\u0142asza nab\u00f3r na wolne stanowisko: \u00a0Doradca zawodowy. NAZWA ZAMAWIAJ\u0104CEGO: Gminny O\u015brodek Pomocy Spo\u0142ecznej w Wieprzu TYTU\u0141 [&hellip;]<\/p>\n","protected":false},"author":2,"featured_media":0,"comment_status":"closed","ping_status":"closed","sticky":false,"template":"","format":"standard","meta":{"footnotes":""},"categories":[1],"tags":[],"class_list":["post-1108","post","type-post","status-publish","format-standard","hentry","category-aktualnosci"],"_links":{"self":[{"href":"https:\/\/gopswieprz.pl\/index.php?rest_route=\/wp\/v2\/posts\/1108","targetHints":{"allow":["GET"]}}],"collection":[{"href":"https:\/\/gopswieprz.pl\/index.php?rest_route=\/wp\/v2\/posts"}],"about":[{"href":"https:\/\/gopswieprz.pl\/index.php?rest_route=\/wp\/v2\/types\/post"}],"author":[{"embeddable":true,"href":"https:\/\/gopswieprz.pl\/index.php?rest_route=\/wp\/v2\/users\/2"}],"replies":[{"embeddable":true,"href":"https:\/\/gopswieprz.pl\/index.php?rest_route=%2Fwp%2Fv2%2Fcomments&post=1108"}],"version-history":[{"count":0,"href":"https:\/\/gopswieprz.pl\/index.php?rest_route=\/wp\/v2\/posts\/1108\/revisions"}],"wp:attachment":[{"href":"https:\/\/gopswieprz.pl\/index.php?rest_route=%2Fwp%2Fv2%2Fmedia&parent=1108"}],"wp:term":[{"taxonomy":"category","embeddable":true,"href":"https:\/\/gopswieprz.pl\/index.php?rest_route=%2Fwp%2Fv2%2Fcategories&post=1108"},{"taxonomy":"post_tag","embeddable":true,"href":"https:\/\/gopswieprz.pl\/index.php?rest_route=%2Fwp%2Fv2%2Ftags&post=1108"}],"curies":[{"name":"wp","href":"https:\/\/api.w.org\/{rel}","templated":true}]}}